{"id":1822,"date":"2025-09-30T07:17:34","date_gmt":"2025-09-30T07:17:34","guid":{"rendered":"https:\/\/kultur-netzwerk-leimen.de\/?p=1822"},"modified":"2025-09-30T12:03:44","modified_gmt":"2025-09-30T12:03:44","slug":"herbstkonzert-2025-kulturnetzwerk-leimen","status":"publish","type":"post","link":"https:\/\/kultur-netzwerk-leimen.de\/?p=1822","title":{"rendered":"Herbstkonzert 2025 &#8211; KulturNetzwerk Leimen"},"content":{"rendered":"<p><img loading=\"lazy\" decoding=\"async\" class=\"wp-image-1591 alignleft\" src=\"https:\/\/kultur-netzwerk-leimen.de\/wp-content\/uploads\/2024\/10\/Plakat-Leimener-Herbstkonzert-2025-fuer-Plakat-1.jpg\" alt=\"\" width=\"334\" height=\"446\" srcset=\"https:\/\/kultur-netzwerk-leimen.de\/wp-content\/uploads\/2024\/10\/Plakat-Leimener-Herbstkonzert-2025-fuer-Plakat-1.jpg 720w, https:\/\/kultur-netzwerk-leimen.de\/wp-content\/uploads\/2024\/10\/Plakat-Leimener-Herbstkonzert-2025-fuer-Plakat-1-225x300.jpg 225w\" sizes=\"auto, (max-width: 334px) 100vw, 334px\" \/><\/p>\n<p>Am Sonntag, den 5.Oktober findet das 11. Herbstkonzert des KulturNetzwerk Leimen in der \u00c4gidius Halle in St. Ilgen statt.<\/p>\n<p>Unter der Schirmherrschaft von OB John Ehret treten in diesem Konzert Mitgliedsvereine des KulturNetzwerk Leimen auf.<\/p>\n<p>Konzertbeginn ist um 17:00 Uhr, der Eintritt ist frei. Ihre Spende erbitten wir in diesem Jahr zu Gunsten der musikalischen Jugendarbeit in Leimen<\/p>\n<p>Genie\u00dfen Sie mit uns ein vielf\u00e4ltiges musikalisches Programm f\u00fcr jeden Musikgeschmack und unterst\u00fctzen Sie die musikalische Jugendarbeit in Leimen mit Ihrer Spende.<\/p>\n<p>&nbsp;<\/p>\n","protected":false},"excerpt":{"rendered":"<p>Am Sonntag, den 5.Oktober findet das 11. Herbstkonzert des KulturNetzwerk Leimen in der \u00c4gidius Halle in St. Ilgen &#8230; <a class=\"more-link\" href=\"https:\/\/kultur-netzwerk-leimen.de\/?p=1822\">Read More &raquo;<\/a><\/p>\n","protected":false},"author":2,"featured_media":1591,"comment_status":"closed","ping_status":"closed","sticky":false,"template":"","format":"standard","meta":{"give_campaign_id":0,"footnotes":""},"categories":[1],"tags":[],"class_list":["post-1822","post","type-post","status-publish","format-standard","has-post-thumbnail","hentry","category-uncategorized"],"jetpack_featured_media_url":"https:\/\/kultur-netzwerk-leimen.de\/wp-content\/uploads\/2024\/10\/Plakat-Leimener-Herbstkonzert-2025-fuer-Plakat-1.jpg","_links":{"self":[{"href":"https:\/\/kultur-netzwerk-leimen.de\/index.php?rest_route=\/wp\/v2\/posts\/1822","targetHints":{"allow":["GET"]}}],"collection":[{"href":"https:\/\/kultur-netzwerk-leimen.de\/index.php?rest_route=\/wp\/v2\/posts"}],"about":[{"href":"https:\/\/kultur-netzwerk-leimen.de\/index.php?rest_route=\/wp\/v2\/types\/post"}],"author":[{"embeddable":true,"href":"https:\/\/kultur-netzwerk-leimen.de\/index.php?rest_route=\/wp\/v2\/users\/2"}],"replies":[{"embeddable":true,"href":"https:\/\/kultur-netzwerk-leimen.de\/index.php?rest_route=%2Fwp%2Fv2%2Fcomments&post=1822"}],"version-history":[{"count":3,"href":"https:\/\/kultur-netzwerk-leimen.de\/index.php?rest_route=\/wp\/v2\/posts\/1822\/revisions"}],"predecessor-version":[{"id":1833,"href":"https:\/\/kultur-netzwerk-leimen.de\/index.php?rest_route=\/wp\/v2\/posts\/1822\/revisions\/1833"}],"wp:featuredmedia":[{"embeddable":true,"href":"https:\/\/kultur-netzwerk-leimen.de\/index.php?rest_route=\/wp\/v2\/media\/1591"}],"wp:attachment":[{"href":"https:\/\/kultur-netzwerk-leimen.de\/index.php?rest_route=%2Fwp%2Fv2%2Fmedia&parent=1822"}],"wp:term":[{"taxonomy":"category","embeddable":true,"href":"https:\/\/kultur-netzwerk-leimen.de\/index.php?rest_route=%2Fwp%2Fv2%2Fcategories&post=1822"},{"taxonomy":"post_tag","embeddable":true,"href":"https:\/\/kultur-netzwerk-leimen.de\/index.php?rest_route=%2Fwp%2Fv2%2Ftags&post=1822"}],"curies":[{"name":"wp","href":"https:\/\/api.w.org\/{rel}","templated":true}]}}