{"id":1434,"date":"2025-02-16T18:07:32","date_gmt":"2025-02-16T18:07:32","guid":{"rendered":"https:\/\/kultur-netzwerk-leimen.de\/?p=1434"},"modified":"2025-02-16T18:09:42","modified_gmt":"2025-02-16T18:09:42","slug":"nachrwaechterfuehrung-29-maerz-2025","status":"publish","type":"post","link":"https:\/\/kultur-netzwerk-leimen.de\/?p=1434","title":{"rendered":"Nachtw\u00e4chterf\u00fchrung &#8211; 29.M\u00e4rz 2025"},"content":{"rendered":"<p><img loading=\"lazy\" decoding=\"async\" class=\"alignnone size-full wp-image-1435\" src=\"https:\/\/kultur-netzwerk-leimen.de\/wp-content\/uploads\/2025\/02\/20250329_Teaser_Nachtwaechterfuehrung.jpg\" alt=\"\" width=\"850\" height=\"850\" srcset=\"https:\/\/kultur-netzwerk-leimen.de\/wp-content\/uploads\/2025\/02\/20250329_Teaser_Nachtwaechterfuehrung.jpg 850w, https:\/\/kultur-netzwerk-leimen.de\/wp-content\/uploads\/2025\/02\/20250329_Teaser_Nachtwaechterfuehrung-300x300.jpg 300w, https:\/\/kultur-netzwerk-leimen.de\/wp-content\/uploads\/2025\/02\/20250329_Teaser_Nachtwaechterfuehrung-100x100.jpg 100w, https:\/\/kultur-netzwerk-leimen.de\/wp-content\/uploads\/2025\/02\/20250329_Teaser_Nachtwaechterfuehrung-768x768.jpg 768w\" sizes=\"auto, (max-width: 850px) 100vw, 850px\" \/><\/p>\n","protected":false},"excerpt":{"rendered":"","protected":false},"author":2,"featured_media":1435,"comment_status":"closed","ping_status":"closed","sticky":false,"template":"","format":"standard","meta":{"give_campaign_id":0,"footnotes":""},"categories":[1],"tags":[],"class_list":["post-1434","post","type-post","status-publish","format-standard","has-post-thumbnail","hentry","category-uncategorized"],"jetpack_featured_media_url":"https:\/\/kultur-netzwerk-leimen.de\/wp-content\/uploads\/2025\/02\/20250329_Teaser_Nachtwaechterfuehrung.jpg","_links":{"self":[{"href":"https:\/\/kultur-netzwerk-leimen.de\/index.php?rest_route=\/wp\/v2\/posts\/1434","targetHints":{"allow":["GET"]}}],"collection":[{"href":"https:\/\/kultur-netzwerk-leimen.de\/index.php?rest_route=\/wp\/v2\/posts"}],"about":[{"href":"https:\/\/kultur-netzwerk-leimen.de\/index.php?rest_route=\/wp\/v2\/types\/post"}],"author":[{"embeddable":true,"href":"https:\/\/kultur-netzwerk-leimen.de\/index.php?rest_route=\/wp\/v2\/users\/2"}],"replies":[{"embeddable":true,"href":"https:\/\/kultur-netzwerk-leimen.de\/index.php?rest_route=%2Fwp%2Fv2%2Fcomments&post=1434"}],"version-history":[{"count":2,"href":"https:\/\/kultur-netzwerk-leimen.de\/index.php?rest_route=\/wp\/v2\/posts\/1434\/revisions"}],"predecessor-version":[{"id":1437,"href":"https:\/\/kultur-netzwerk-leimen.de\/index.php?rest_route=\/wp\/v2\/posts\/1434\/revisions\/1437"}],"wp:featuredmedia":[{"embeddable":true,"href":"https:\/\/kultur-netzwerk-leimen.de\/index.php?rest_route=\/wp\/v2\/media\/1435"}],"wp:attachment":[{"href":"https:\/\/kultur-netzwerk-leimen.de\/index.php?rest_route=%2Fwp%2Fv2%2Fmedia&parent=1434"}],"wp:term":[{"taxonomy":"category","embeddable":true,"href":"https:\/\/kultur-netzwerk-leimen.de\/index.php?rest_route=%2Fwp%2Fv2%2Fcategories&post=1434"},{"taxonomy":"post_tag","embeddable":true,"href":"https:\/\/kultur-netzwerk-leimen.de\/index.php?rest_route=%2Fwp%2Fv2%2Ftags&post=1434"}],"curies":[{"name":"wp","href":"https:\/\/api.w.org\/{rel}","templated":true}]}}