{"id":1088,"date":"2024-08-02T13:46:21","date_gmt":"2024-08-02T13:46:21","guid":{"rendered":"https:\/\/kultur-netzwerk-leimen.de\/?p=1088"},"modified":"2024-08-02T13:46:21","modified_gmt":"2024-08-02T13:46:21","slug":"unn-alleweil-rappelts-am-scheierdoor-les-troubadours-20-10-24","status":"publish","type":"post","link":"https:\/\/kultur-netzwerk-leimen.de\/?p=1088","title":{"rendered":"Unn alleweil rappelts am Scheierdoor &#8211; Les Troubadours &#8211; 20.10.24"},"content":{"rendered":"<p><strong>Liebe Musikfreundin, lieber Musikfreund<\/strong><\/p>\n<p>wir 3 Troubadoure sind wieder einmal musikalisch unterwegs \u2013 diesmal zu einer \u201eTour de L\u00e4ndle\u201c, die \u00fcber Odenwald, Pfalz, Elsass und Schwaben ins Herz der Kurpfalz f\u00fchrt \u2013 Heidelberg.<\/p>\n<p><strong>Unn alleweil rappelts am Scheierdoor<\/strong> hei\u00dft unser neues Programm und dazu laden wir euch schon heute sehr herzlich ein zu <strong>Liedern und Geschichten von hier und drumherum:<\/strong><\/p>\n<ul>\n<li><strong>Wann? Sonntag, 20.10.2024, 17 Uhr<\/strong><\/li>\n<li><strong>Wo? St. Ilgen, Aegidiushalle, Pestalozzistr. 5<\/strong><\/li>\n<li>Karten zu 12 \u20ac bei Kulturkreis Leimen, Tel. 06224 \/ 53372<br \/>\noder per Mail: <a href=\"mailto:scheiwein-hilde@gmx.de\">scheiwein-hilde@gmx.de<\/a> und an der Abendkasse.<br \/>\noder bei Eisenwaren Michel, Leimen, 4 Wochen vor Veranstaltung<\/li>\n<\/ul>\n<p>Mit Mandoline, Rohrblattfl\u00f6te, Dudelsack, Trompete, Gesang und Quetschkommode spannen wir einen breit gef\u00e4cherten Liederbogen auf aus frech-frivolen und melancholisch-besinnlichen Weisen, aus international bekannten Melodien und l\u00e4ngst vergessenen musikalischen Rarit\u00e4ten. Die Worte gro\u00dfer Dichter sind dabei ebenso zu h\u00f6ren wie die \u201eDialektik\u201c unverf\u00e4lschter bodenst\u00e4ndiger Volkspoesie. Doch so oder so: In der Regel geht es dabei immer nur um Eines \u2013 die Liebe.<\/p>\n<p>Am\u00fcsante Geschichten und Anekdoten verfeinern das Ganze zu einem rundum gelungenen Abend.<\/p>\n<p>Diesen Abend also schon heute unbedingt freihalten!!!<\/p>\n<p>Wir freuen uns auf euch.<\/p>\n<p>&nbsp;<\/p>\n<p>&nbsp;<\/p>\n<p>&nbsp;<\/p>\n<p>&nbsp;<\/p>\n<p>&nbsp;<\/p>\n","protected":false},"excerpt":{"rendered":"<p>Liebe Musikfreundin, lieber Musikfreund wir 3 Troubadoure sind wieder einmal musikalisch unterwegs \u2013 diesmal zu einer \u201eTour de &#8230; <a class=\"more-link\" href=\"https:\/\/kultur-netzwerk-leimen.de\/?p=1088\">Read More &raquo;<\/a><\/p>\n","protected":false},"author":2,"featured_media":991,"comment_status":"closed","ping_status":"closed","sticky":false,"template":"","format":"standard","meta":{"give_campaign_id":0,"footnotes":""},"categories":[1],"tags":[],"class_list":["post-1088","post","type-post","status-publish","format-standard","has-post-thumbnail","hentry","category-uncategorized"],"jetpack_featured_media_url":"https:\/\/kultur-netzwerk-leimen.de\/wp-content\/uploads\/2024\/06\/Les_Troubadours_20241020.png","_links":{"self":[{"href":"https:\/\/kultur-netzwerk-leimen.de\/index.php?rest_route=\/wp\/v2\/posts\/1088","targetHints":{"allow":["GET"]}}],"collection":[{"href":"https:\/\/kultur-netzwerk-leimen.de\/index.php?rest_route=\/wp\/v2\/posts"}],"about":[{"href":"https:\/\/kultur-netzwerk-leimen.de\/index.php?rest_route=\/wp\/v2\/types\/post"}],"author":[{"embeddable":true,"href":"https:\/\/kultur-netzwerk-leimen.de\/index.php?rest_route=\/wp\/v2\/users\/2"}],"replies":[{"embeddable":true,"href":"https:\/\/kultur-netzwerk-leimen.de\/index.php?rest_route=%2Fwp%2Fv2%2Fcomments&post=1088"}],"version-history":[{"count":2,"href":"https:\/\/kultur-netzwerk-leimen.de\/index.php?rest_route=\/wp\/v2\/posts\/1088\/revisions"}],"predecessor-version":[{"id":1092,"href":"https:\/\/kultur-netzwerk-leimen.de\/index.php?rest_route=\/wp\/v2\/posts\/1088\/revisions\/1092"}],"wp:featuredmedia":[{"embeddable":true,"href":"https:\/\/kultur-netzwerk-leimen.de\/index.php?rest_route=\/wp\/v2\/media\/991"}],"wp:attachment":[{"href":"https:\/\/kultur-netzwerk-leimen.de\/index.php?rest_route=%2Fwp%2Fv2%2Fmedia&parent=1088"}],"wp:term":[{"taxonomy":"category","embeddable":true,"href":"https:\/\/kultur-netzwerk-leimen.de\/index.php?rest_route=%2Fwp%2Fv2%2Fcategories&post=1088"},{"taxonomy":"post_tag","embeddable":true,"href":"https:\/\/kultur-netzwerk-leimen.de\/index.php?rest_route=%2Fwp%2Fv2%2Ftags&post=1088"}],"curies":[{"name":"wp","href":"https:\/\/api.w.org\/{rel}","templated":true}]}}