{"id":1063,"global_id":"kultur-netzwerk-leimen.de?id=1063","global_id_lineage":["kultur-netzwerk-leimen.de?id=1063"],"author":"2","status":"publish","date":"2024-06-12 08:29:15","date_utc":"2024-06-12 08:29:15","modified":"2024-06-12 08:34:35","modified_utc":"2024-06-12 08:34:35","url":"https:\/\/kultur-netzwerk-leimen.de\/?tribe_events=gartenliebe-gespraechsrunde-fuer-pflanzeninteressierte","rest_url":"https:\/\/kultur-netzwerk-leimen.de\/index.php?rest_route=\/tribe\/events\/v1\/events\/1063","title":"&#8222;GartenLiebe&#8220; Gespr\u00e4chsrunde f\u00fcr Pflanzeninteressierte","description":"<p><strong>GartenLiebe &#8211; Gespr\u00e4chsrunde f\u00fcr Pflanzeninteressierte<\/strong><br \/>\nG\u00e4rtnern Sie gerne oder m\u00f6chten Sie ein paar Anregungen und Tipps? Dann ist diese Gespr\u00e4chsrunde, die regelm\u00e4\u00dfig am ersten Dienstag eines Monats im QUER zusammenkommt, vielleicht das Richtige. Hier findet ein Austausch statt zwischen Gartenbegeisterten und solchen, die es werden wollen.<\/p>","excerpt":"","slug":"gartenliebe-gespraechsrunde-fuer-pflanzeninteressierte","image":{"url":"https:\/\/kultur-netzwerk-leimen.de\/wp-content\/uploads\/2024\/06\/Logo_Leimen-Legt-Los.jpg","id":1068,"extension":"jpg","width":595,"height":118,"filesize":22225,"sizes":{"medium":{"width":300,"height":59,"mime-type":"image\/jpeg","filesize":6427,"url":"https:\/\/kultur-netzwerk-leimen.de\/wp-content\/uploads\/2024\/06\/Logo_Leimen-Legt-Los-300x59.jpg"},"thumbnail":{"width":100,"height":100,"mime-type":"image\/jpeg","filesize":2637,"url":"https:\/\/kultur-netzwerk-leimen.de\/wp-content\/uploads\/2024\/06\/Logo_Leimen-Legt-Los-100x100.jpg"}}},"all_day":false,"start_date":"2024-07-02 19:30:00","start_date_details":{"year":"2024","month":"07","day":"02","hour":"19","minutes":"30","seconds":"00"},"end_date":"2024-07-02 19:30:00","end_date_details":{"year":"2024","month":"07","day":"02","hour":"19","minutes":"30","seconds":"00"},"utc_start_date":"2024-07-02 19:30:00","utc_start_date_details":{"year":"2024","month":"07","day":"02","hour":"19","minutes":"30","seconds":"00"},"utc_end_date":"2024-07-02 19:30:00","utc_end_date_details":{"year":"2024","month":"07","day":"02","hour":"19","minutes":"30","seconds":"00"},"timezone":"UTC+0","timezone_abbr":"UTC+0","cost":"","cost_details":{"currency_symbol":"\u20ac","currency_code":"EUR\t\t\t\t\t\t\tclass=\t\t\t\t\t\t\tclass=\t\t\t\t\t\t\tclass=\t\t\t\t\t\t\tclass=\t\t\t\t\t\t\tclass=","currency_position":"suffix","values":[]},"website":"","show_map":true,"show_map_link":true,"hide_from_listings":false,"sticky":false,"featured":false,"categories":[],"tags":[],"venue":{"id":1066,"author":"2","status":"publish","date":"2024-06-12 08:28:08","date_utc":"2024-06-12 08:28:08","modified":"2024-06-12 08:28:08","modified_utc":"2024-06-12 08:28:08","url":"https:\/\/kultur-netzwerk-leimen.de\/?tribe_venue=quer-quartier","venue":"&#8222;QUER&#8220; &#8211; Quartier","slug":"quer-quartier","address":"Rathausstra\u00dfe 15a","city":"Leimen-Mitte","zip":"69181","json_ld":{"@type":"Place","name":"&#8222;QUER&#8220; &#8211; Quartier","description":"","url":"https:\/\/kultur-netzwerk-leimen.de\/?tribe_venue=quer-quartier","address":{"@type":"PostalAddress","streetAddress":"Rathausstra\u00dfe 15a","addressLocality":"Leimen-Mitte","postalCode":"69181"},"telephone":"","sameAs":""},"show_map":true,"show_map_link":true,"global_id":"kultur-netzwerk-leimen.de?id=1066","global_id_lineage":["kultur-netzwerk-leimen.de?id=1066"]},"organizer":[{"id":854,"author":"2","status":"publish","date":"2024-06-07 19:48:01","date_utc":"2024-06-07 19:48:01","modified":"2024-06-07 19:48:01","modified_utc":"2024-06-07 19:48:01","url":"https:\/\/kultur-netzwerk-leimen.de\/?tribe_organizer=leimen-legt-los","organizer":"Leimen-Legt-Los","slug":"leimen-legt-los","json_ld":{"@type":"Person","name":"Leimen-Legt-Los","description":"","url":"","telephone":"","email":"","sameAs":""},"global_id":"kultur-netzwerk-leimen.de?id=854","global_id_lineage":["kultur-netzwerk-leimen.de?id=854"]}],"custom_fields":[],"json_ld":{"@context":"http:\/\/schema.org","@type":"Event","name":"&#8222;GartenLiebe&#8220; Gespr\u00e4chsrunde f\u00fcr Pflanzeninteressierte","description":"&lt;p&gt;GartenLiebe - Gespr\u00e4chsrunde f\u00fcr Pflanzeninteressierte G\u00e4rtnern Sie gerne oder m\u00f6chten Sie ein paar Anregungen und Tipps? Dann ist ... &lt;a class=&quot;more-link&quot; href=&quot;https:\/\/kultur-netzwerk-leimen.de\/?tribe_events=gartenliebe-gespraechsrunde-fuer-pflanzeninteressierte&quot;&gt;Read More &raquo;&lt;\/a&gt;&lt;\/p&gt;\\n","image":"https:\/\/kultur-netzwerk-leimen.de\/wp-content\/uploads\/2024\/06\/Logo_Leimen-Legt-Los.jpg","url":"https:\/\/kultur-netzwerk-leimen.de\/?tribe_events=gartenliebe-gespraechsrunde-fuer-pflanzeninteressierte","eventAttendanceMode":"https:\/\/schema.org\/OfflineEventAttendanceMode","eventStatus":"https:\/\/schema.org\/EventScheduled","startDate":"2024-07-02T19:30:00+00:00","endDate":"2024-07-02T19:30:00+00:00","location":{"@type":"Place","name":"&#8222;QUER&#8220; &#8211; Quartier","description":"","url":"https:\/\/kultur-netzwerk-leimen.de\/?tribe_venue=quer-quartier","address":{"@type":"PostalAddress","streetAddress":"Rathausstra\u00dfe 15a","addressLocality":"Leimen-Mitte","postalCode":"69181"},"telephone":"","sameAs":""},"organizer":{"@type":"Person","name":"Leimen-Legt-Los","description":"","url":"","telephone":"","email":"","sameAs":""},"performer":"Organization"},"is_virtual":false,"virtual_url":null,"virtual_video_source":""}